{"id":1375,"date":"2023-02-21T15:00:41","date_gmt":"2023-02-21T14:00:41","guid":{"rendered":"https:\/\/a-hike.ch\/2023\/02\/21\/quiche-mit-zwiebeln-und-guter-heinrich\/"},"modified":"2023-04-27T20:34:34","modified_gmt":"2023-04-27T18:34:34","slug":"quiche-mit-zwiebeln-und-guter-heinrich","status":"publish","type":"post","link":"https:\/\/a-hike.ch\/de\/2023\/02\/21\/quiche-mit-zwiebeln-und-guter-heinrich\/","title":{"rendered":"QUICHE MIT ZWIEBELN und GUTER HEINRICH"},"content":{"rendered":"\n<p> Quelle: No\u00e9 Thiel<\/p>\n\n<p>&#8211; 1 Handvoll Guter Heinrich&#13;\n&#8211; 4 weisse Zwiebeln&#13;\n&#8211; Sahne&#13;\n&#8211; Emmentaler K\u00e4se&#13;\n&#8211; 1 Ei&#13;\n&#8211; Bl\u00e4tterteig&#13;\n&#8211; Butter&#13;\n&#8211; Mehl&#13;\n&#8211; Muskatnuss, Salz, Pfeffer<\/p>\n\n<p>1. Der Bl\u00e4tterteig zubereiten.&#13;\n2. Guter Heinrich waschen und in einem Topf mit etwas Wasser kurz kochen.&#13;\n3. Zwiebeln hacken und in Butter anbraten.&#13;\n4. Den Teig ausrollen und die Zwiebeln und den Guten Heinrich darauf verteilen. In den Herd schieben.&#13;\n5. Die Sahne mit dem Ei und den Gew\u00fcrzen vermischen. Gemeinsam mit dem K\u00e4se 5 Min. vor Ende des Backzeit hinzugeben.<\/p>\n","protected":false},"excerpt":{"rendered":"<p>Quelle: No\u00e9 Thiel &#8211; 1 Handvoll Guter Heinrich&#13; &#8211; 4 weisse Zwiebeln&#13; &#8211; Sahne&#13; &#8211; Emmentaler K\u00e4se&#13; &#8211; 1 Ei&#13; &#8211; Bl\u00e4tterteig&#13; &#8211; Butter&#13; &#8211; Mehl&#13; &#8211; Muskatnuss, Salz, Pfeffer 1. Der Bl\u00e4tterteig zubereiten.&#13; 2. Guter Heinrich waschen und in einem Topf mit etwas Wasser kurz kochen.&#13; 3. Zwiebeln hacken und in Butter anbraten.&#13; 4. [&hellip;]<\/p>\n","protected":false},"author":1,"featured_media":0,"comment_status":"closed","ping_status":"closed","sticky":false,"template":"","format":"standard","meta":{"_acf_changed":false,"footnotes":""},"categories":[90],"tags":[],"class_list":["post-1375","post","type-post","status-publish","format-standard","hentry","category-wildpflanzen-rezepte"],"acf":[],"_links":{"self":[{"href":"https:\/\/a-hike.ch\/de\/wp-json\/wp\/v2\/posts\/1375","targetHints":{"allow":["GET"]}}],"collection":[{"href":"https:\/\/a-hike.ch\/de\/wp-json\/wp\/v2\/posts"}],"about":[{"href":"https:\/\/a-hike.ch\/de\/wp-json\/wp\/v2\/types\/post"}],"author":[{"embeddable":true,"href":"https:\/\/a-hike.ch\/de\/wp-json\/wp\/v2\/users\/1"}],"replies":[{"embeddable":true,"href":"https:\/\/a-hike.ch\/de\/wp-json\/wp\/v2\/comments?post=1375"}],"version-history":[{"count":1,"href":"https:\/\/a-hike.ch\/de\/wp-json\/wp\/v2\/posts\/1375\/revisions"}],"predecessor-version":[{"id":1376,"href":"https:\/\/a-hike.ch\/de\/wp-json\/wp\/v2\/posts\/1375\/revisions\/1376"}],"wp:attachment":[{"href":"https:\/\/a-hike.ch\/de\/wp-json\/wp\/v2\/media?parent=1375"}],"wp:term":[{"taxonomy":"category","embeddable":true,"href":"https:\/\/a-hike.ch\/de\/wp-json\/wp\/v2\/categories?post=1375"},{"taxonomy":"post_tag","embeddable":true,"href":"https:\/\/a-hike.ch\/de\/wp-json\/wp\/v2\/tags?post=1375"}],"curies":[{"name":"wp","href":"https:\/\/api.w.org\/{rel}","templated":true}]}}